{"id":1445,"date":"2022-04-11T17:54:50","date_gmt":"2022-04-11T15:54:50","guid":{"rendered":"http:\/\/www.lyc-rimbaud-garges.ac-versailles.fr\/?p=1445"},"modified":"2022-04-11T17:54:50","modified_gmt":"2022-04-11T15:54:50","slug":"journees-portes-ouvertes-2022","status":"publish","type":"post","link":"https:\/\/lyc-rimbaud-garges.ac-versailles.fr\/?p=1445","title":{"rendered":"Journ\u00e9es portes ouvertes 2022"},"content":{"rendered":"<p>Le vendredi 18 mars 2022 a eu lieu la traditionnelle journ\u00e9e portes ouvertes au lyc\u00e9e.<\/p>\n<p>Nous avons accueilli plusieurs dizaines \u00e9l\u00e8ves de 3\u00e8me et de 4\u00e8me afin de leur faire d\u00e9couvrir notre lyc\u00e9e. Pour l&rsquo;occasion, l&rsquo;ensemble des \u00e9quipes p\u00e9dagogiques et des \u00e9l\u00e8ves ont mis tout en oeuvre pour mettre en avant les qualit\u00e9s de notre lyc\u00e9e.<\/p>\n<p><a href=\"https:\/\/peertube.monlycee.net\/videos\/watch\/4f2222e9-c557-4a7d-889a-2bb76c3089b2\">https:\/\/peertube.monlycee.net\/videos\/watch\/4f2222e9-c557-4a7d-889a-2bb76c3089b2<\/a><\/p>\n","protected":false},"excerpt":{"rendered":"<p>Le vendredi 18 mars 2022 a eu lieu la traditionnelle journ\u00e9e portes ouvertes au lyc\u00e9e. Nous avons accueilli plusieurs dizaines \u00e9l\u00e8ves de 3\u00e8me et de 4\u00e8me afin de leur faire d\u00e9couvrir notre lyc\u00e9e. Pour l&rsquo;occasion, l&rsquo;ensemble des \u00e9quipes p\u00e9dagogiques et des \u00e9l\u00e8ves ont mis tout en oeuvre pour mettre en avant les qualit\u00e9s de notre &hellip; <\/p>\n<p><a class=\"more-link btn\" href=\"https:\/\/lyc-rimbaud-garges.ac-versailles.fr\/?p=1445\">Lire la suite<\/a><\/p>\n","protected":false},"author":3271,"featured_media":0,"comment_status":"closed","ping_status":"closed","sticky":false,"template":"","format":"standard","meta":{"footnotes":""},"categories":[35],"tags":[],"class_list":["post-1445","post","type-post","status-publish","format-standard","hentry","category-actualites","item-wrap"],"_links":{"self":[{"href":"https:\/\/lyc-rimbaud-garges.ac-versailles.fr\/index.php?rest_route=\/wp\/v2\/posts\/1445","targetHints":{"allow":["GET"]}}],"collection":[{"href":"https:\/\/lyc-rimbaud-garges.ac-versailles.fr\/index.php?rest_route=\/wp\/v2\/posts"}],"about":[{"href":"https:\/\/lyc-rimbaud-garges.ac-versailles.fr\/index.php?rest_route=\/wp\/v2\/types\/post"}],"author":[{"embeddable":true,"href":"https:\/\/lyc-rimbaud-garges.ac-versailles.fr\/index.php?rest_route=\/wp\/v2\/users\/3271"}],"replies":[{"embeddable":true,"href":"https:\/\/lyc-rimbaud-garges.ac-versailles.fr\/index.php?rest_route=%2Fwp%2Fv2%2Fcomments&post=1445"}],"version-history":[{"count":2,"href":"https:\/\/lyc-rimbaud-garges.ac-versailles.fr\/index.php?rest_route=\/wp\/v2\/posts\/1445\/revisions"}],"predecessor-version":[{"id":1531,"href":"https:\/\/lyc-rimbaud-garges.ac-versailles.fr\/index.php?rest_route=\/wp\/v2\/posts\/1445\/revisions\/1531"}],"wp:attachment":[{"href":"https:\/\/lyc-rimbaud-garges.ac-versailles.fr\/index.php?rest_route=%2Fwp%2Fv2%2Fmedia&parent=1445"}],"wp:term":[{"taxonomy":"category","embeddable":true,"href":"https:\/\/lyc-rimbaud-garges.ac-versailles.fr\/index.php?rest_route=%2Fwp%2Fv2%2Fcategories&post=1445"},{"taxonomy":"post_tag","embeddable":true,"href":"https:\/\/lyc-rimbaud-garges.ac-versailles.fr\/index.php?rest_route=%2Fwp%2Fv2%2Ftags&post=1445"}],"curies":[{"name":"wp","href":"https:\/\/api.w.org\/{rel}","templated":true}]}}