{"id":1052,"date":"2020-07-02T08:34:41","date_gmt":"2020-07-02T06:34:41","guid":{"rendered":"http:\/\/www.lyc-rimbaud-garges.ac-versailles.fr\/?p=1052"},"modified":"2020-07-02T09:14:14","modified_gmt":"2020-07-02T07:14:14","slug":"inscriptions-2020-2021","status":"publish","type":"post","link":"https:\/\/lyc-rimbaud-garges.ac-versailles.fr\/?p=1052","title":{"rendered":"INSCRIPTIONS 2020 &#8211; 2021"},"content":{"rendered":"<p><em><u><img loading=\"lazy\" decoding=\"async\" class=\" wp-image-1053 aligncenter\" src=\"https:\/\/lyc-rimbaud-garges.ac-versailles.fr\/wp-content\/uploads\/sites\/140\/2020\/07\/inscriptions-300x167.jpg\" alt=\"\" width=\"573\" height=\"319\" srcset=\"https:\/\/lyc-rimbaud-garges.ac-versailles.fr\/wp-content\/uploads\/sites\/140\/2020\/07\/inscriptions-300x167.jpg 300w, https:\/\/lyc-rimbaud-garges.ac-versailles.fr\/wp-content\/uploads\/sites\/140\/2020\/07\/inscriptions.jpg 512w\" sizes=\"auto, (max-width: 573px) 100vw, 573px\" \/><\/u><\/em>Votre enfant a \u00e9t\u00e9 affect\u00e9 au lyc\u00e9e ARTHUR RIMBAUD pour la rentr\u00e9e 2020\/2021, vous devez\u00a0 venir retirer le dossier d&rsquo;inscription au lyc\u00e9e Arthur Rimbaud de Garges les Gonesse le vendredi 3 juillet.<\/p>\n<p><strong>Les inscriptions auront lieu :<\/strong><\/p>\n<ul>\n<li><strong>entrants en 1\u00e8re : vendredi 3\u00a0 juillet et lundi 6 juillet<\/strong><\/li>\n<li><strong>entrants en 2nde : du mardi 7 juillet au vendredi 10 juillet \u00e0 midi.<\/strong><\/li>\n<\/ul>\n<p>&nbsp;<\/p>\n<p>Vous devez imp\u00e9rativement fournir les pi\u00e8ces ci-dessous\u00a0:<\/p>\n<p><strong>&#8211; Photocopie de la pi\u00e8ce d&rsquo;identit\u00e9<\/strong><\/p>\n<p><strong>&#8211; Photocopie de l&rsquo;attestation de s\u00e9curit\u00e9 sociale<\/strong><\/p>\n<p><strong>&#8211; 4 photos d&rsquo;identit\u00e9<\/strong><\/p>\n<p><strong>&#8211; Attestation de la CAF (Quotient familial)<\/strong><\/p>\n<p><strong>&#8211; 40\u20ac\u00a0 en ch\u00e8que pour l&rsquo;inscription \u00e0 la cantine<\/strong><\/p>\n<p><strong>&#8211; RIB au nom des parents<\/strong><\/p>\n<p><em><u>\u00ab\u00a0Le port du masque est obligatoire dans l\u2019\u00e9tablissement.\u00a0\u00bb<\/u><\/em><\/p>\n<p>Cordialement,<\/p>\n<p>Y. THOMAS<\/p>\n<p>Proviseur<\/p>\n","protected":false},"excerpt":{"rendered":"<p>Votre enfant a \u00e9t\u00e9 affect\u00e9 au lyc\u00e9e ARTHUR RIMBAUD pour la rentr\u00e9e 2020\/2021, vous devez\u00a0 venir retirer le dossier d&rsquo;inscription au lyc\u00e9e Arthur Rimbaud de Garges les Gonesse le vendredi 3 juillet. Les inscriptions auront lieu : entrants en 1\u00e8re : vendredi 3\u00a0 juillet et lundi 6 juillet entrants en 2nde : du mardi 7 &hellip; <\/p>\n<p><a class=\"more-link btn\" href=\"https:\/\/lyc-rimbaud-garges.ac-versailles.fr\/?p=1052\">Lire la suite<\/a><\/p>\n","protected":false},"author":728,"featured_media":0,"comment_status":"closed","ping_status":"closed","sticky":false,"template":"","format":"standard","meta":{"footnotes":""},"categories":[35],"tags":[],"class_list":["post-1052","post","type-post","status-publish","format-standard","hentry","category-actualites","item-wrap"],"_links":{"self":[{"href":"https:\/\/lyc-rimbaud-garges.ac-versailles.fr\/index.php?rest_route=\/wp\/v2\/posts\/1052","targetHints":{"allow":["GET"]}}],"collection":[{"href":"https:\/\/lyc-rimbaud-garges.ac-versailles.fr\/index.php?rest_route=\/wp\/v2\/posts"}],"about":[{"href":"https:\/\/lyc-rimbaud-garges.ac-versailles.fr\/index.php?rest_route=\/wp\/v2\/types\/post"}],"author":[{"embeddable":true,"href":"https:\/\/lyc-rimbaud-garges.ac-versailles.fr\/index.php?rest_route=\/wp\/v2\/users\/728"}],"replies":[{"embeddable":true,"href":"https:\/\/lyc-rimbaud-garges.ac-versailles.fr\/index.php?rest_route=%2Fwp%2Fv2%2Fcomments&post=1052"}],"version-history":[{"count":2,"href":"https:\/\/lyc-rimbaud-garges.ac-versailles.fr\/index.php?rest_route=\/wp\/v2\/posts\/1052\/revisions"}],"predecessor-version":[{"id":1059,"href":"https:\/\/lyc-rimbaud-garges.ac-versailles.fr\/index.php?rest_route=\/wp\/v2\/posts\/1052\/revisions\/1059"}],"wp:attachment":[{"href":"https:\/\/lyc-rimbaud-garges.ac-versailles.fr\/index.php?rest_route=%2Fwp%2Fv2%2Fmedia&parent=1052"}],"wp:term":[{"taxonomy":"category","embeddable":true,"href":"https:\/\/lyc-rimbaud-garges.ac-versailles.fr\/index.php?rest_route=%2Fwp%2Fv2%2Fcategories&post=1052"},{"taxonomy":"post_tag","embeddable":true,"href":"https:\/\/lyc-rimbaud-garges.ac-versailles.fr\/index.php?rest_route=%2Fwp%2Fv2%2Ftags&post=1052"}],"curies":[{"name":"wp","href":"https:\/\/api.w.org\/{rel}","templated":true}]}}